{"id":12129,"date":"2020-09-09T17:02:36","date_gmt":"2020-09-09T16:02:36","guid":{"rendered":"https:\/\/minesup.gov.cm\/?p=12129"},"modified":"2020-09-10T10:38:08","modified_gmt":"2020-09-10T09:38:08","slug":"communique-radio-presse-26","status":"publish","type":"post","link":"https:\/\/www.minesup.gov.cm\/index.php\/2020\/09\/09\/communique-radio-presse-26\/","title":{"rendered":"Communiqu\u00e9 Radio-Presse"},"content":{"rendered":"<p style=\"text-align: justify;\">Le Ministre d&rsquo;Etat, Ministre de l&rsquo;Enseignement Sup\u00e9rieur, Chancelier des Ordres Acad\u00e9miques, a le regret d&rsquo;annoncer le d\u00e9c\u00e8s du <strong>Pr. AMBANASOM<\/strong>, Ma\u00eetre de Conf\u00e9rences, ancien Directeur-adjoint de l&rsquo;Ecole Normale Sup\u00e9rieure de l&rsquo;Universit\u00e9 de Bamenda \u00e0 Bambili, \u00e0 la retraite, d\u00e9c\u00e8s survenu dans une structure hospitali\u00e8re de la ville de Bamenda, le samedi 29 ao\u00fbt 2020 des suites d&rsquo;une longue maladie.<br \/>\nLe Ministre d&rsquo;Etat, Ministre de l&rsquo;Enseignement Sup\u00e9rieur adresse \u00e0 la famille durement \u00e9prouv\u00e9e, les condol\u00e9ances les plus attrist\u00e9es de toute la Communaut\u00e9 Universitaire Nationale, auxquelles il associe l&rsquo;expression de sa profonde compassion.<\/p>\n","protected":false},"excerpt":{"rendered":"<p>&#46;&#46;&#46;<\/p>\n","protected":false},"author":12,"featured_media":12130,"comment_status":"open","ping_status":"open","sticky":false,"template":"","format":"standard","meta":[],"categories":[4,37],"tags":[],"_links":{"self":[{"href":"https:\/\/www.minesup.gov.cm\/index.php\/wp-json\/wp\/v2\/posts\/12129"}],"collection":[{"href":"https:\/\/www.minesup.gov.cm\/index.php\/wp-json\/wp\/v2\/posts"}],"about":[{"href":"https:\/\/www.minesup.gov.cm\/index.php\/wp-json\/wp\/v2\/types\/post"}],"author":[{"embeddable":true,"href":"https:\/\/www.minesup.gov.cm\/index.php\/wp-json\/wp\/v2\/users\/12"}],"replies":[{"embeddable":true,"href":"https:\/\/www.minesup.gov.cm\/index.php\/wp-json\/wp\/v2\/comments?post=12129"}],"version-history":[{"count":0,"href":"https:\/\/www.minesup.gov.cm\/index.php\/wp-json\/wp\/v2\/posts\/12129\/revisions"}],"wp:featuredmedia":[{"embeddable":true,"href":"https:\/\/www.minesup.gov.cm\/index.php\/wp-json\/wp\/v2\/media\/12130"}],"wp:attachment":[{"href":"https:\/\/www.minesup.gov.cm\/index.php\/wp-json\/wp\/v2\/media?parent=12129"}],"wp:term":[{"taxonomy":"category","embeddable":true,"href":"https:\/\/www.minesup.gov.cm\/index.php\/wp-json\/wp\/v2\/categories?post=12129"},{"taxonomy":"post_tag","embeddable":true,"href":"https:\/\/www.minesup.gov.cm\/index.php\/wp-json\/wp\/v2\/tags?post=12129"}],"curies":[{"name":"wp","href":"https:\/\/api.w.org\/{rel}","templated":true}]}}