{"id":16305,"date":"2023-03-03T14:43:47","date_gmt":"2023-03-03T13:43:47","guid":{"rendered":"https:\/\/minesup.gov.cm\/?p=16213"},"modified":"2023-03-30T12:35:47","modified_gmt":"2023-03-30T11:35:47","slug":"journee-internationale-de-le-femme2023-les-femmes-du-ministere-de-lenseignement-superieur-dans-la-mouvance-des-activites","status":"publish","type":"post","link":"https:\/\/www.minesup.gov.cm\/index.php\/2023\/03\/03\/journee-internationale-de-le-femme2023-les-femmes-du-ministere-de-lenseignement-superieur-dans-la-mouvance-des-activites\/","title":{"rendered":"Journ\u00e9e Internationale de le Femme 2023 : Les femmes du Minist\u00e8re de l\u2019Enseignement Sup\u00e9rieur dans la mouvance des activit\u00e9s"},"content":{"rendered":"<p style=\"text-align: center;\"><strong><em>\u00c0 l\u2019occasion de la 38\u00e8me \u00e9dition de cette c\u00e9l\u00e9bration qui a pour th\u00e8me : \u00ab Pour un monde digital inclusif : innovation et technologies pour l\u2019\u00e9galit\u00e9 des sexes \u00bb, les femmes du Minist\u00e8re de l\u2019Enseignement Sup\u00e9rieur se sont r\u00e9unies pour une causerie \u00e9ducative ax\u00e9e sur plusieurs th\u00e9matiques \u00e0 la salle de conf\u00e9rences 1036 de ce d\u00e9partement minist\u00e9riel.<\/em><\/strong><\/p>\n<p style=\"text-align: justify;\">Le coup d\u2019envoi des activit\u00e9s li\u00e9es \u00e0 la c\u00e9l\u00e9bration du 8 mars a \u00e9t\u00e9 donn\u00e9 ce vendredi 03 mars 2023 \u00e0 la salle de conf\u00e9rences 1036 du Minist\u00e8re de l\u2019Enseignement Sup\u00e9rieur, sous la conduite du Professeur Augustina FONGOD, Directeur de la Coordination des Activit\u00e9s Acad\u00e9miques. C&rsquo;\u00e9tait autour d&rsquo;une causerie \u00e9ducative qui avait pour th\u00e9matique premi\u00e8re : \u00ab\u00a0TIC et sant\u00e9 de la femme\u00a0\u00bb , pr\u00e9sent\u00e9 par le Dr FOGUEM Evelyne, Gyn\u00e9cologue-Obst\u00e9tricienne. Le long de son expos\u00e9, elle a entretenu les femmes sur l\u2019apport des TIC dans l\u2019am\u00e9lioration des offres de soins en g\u00e9n\u00e9ral, \u00e0 travers les techniques de sant\u00e9 num\u00e9riques, le diagnostic et l\u2019analyse des donn\u00e9es gr\u00e2ce \u00e0 l\u2019informatique, le programme pour le d\u00e9pistage du cancer du col de l&rsquo;ut\u00e9rus, l\u2019utilisation des applications pour femmes, l\u2019utilisation des puces \u00e9lectroniques, des capteurs et des bracelets num\u00e9riques.<!--more--> Elle a fait savoir dans sa pr\u00e9sentation que la sant\u00e9 est sociale, physique et mentale, et non l\u2019absence de maladie ou d\u2019infirmit\u00e9, appelant ainsi les femmes victimes de violences de tous genres \u00e0 s\u2019exprimer pour \u00e9viter de subir des pressions psychologiques qui sont la causes de plusieurs maladies graves de nos jours. Pour sortir, elle en a profit\u00e9 pour rappeler aux femmes que l\u2019\u00e9galit\u00e9 entre l\u2019homme et la femme ne pourrait exister. Seulement, elles doivent se battre plut\u00f4t pour la recherche d\u2019une \u00e9quit\u00e9. <br \/>La deuxi\u00e8me th\u00e9matique, ax\u00e9e sur la \u00ab Gestion num\u00e9rique des archives \u00bb, d\u00e9velopp\u00e9e par Monsieur Isaac Christian ILOUGA, Sous-Directeur de la Documentation et des Archives, a permis \u00e0 l\u2019auditoire du jour d&rsquo;\u00eatre \u00e9difi\u00e9 sur le besoin d\u2019archiver les documents physiques, et plus encore de migrer de celui-ci vers le num\u00e9rique. A ce titre, il a fait savoir qu\u2019un peuple qui ignore son pass\u00e9, ses origines et sa culture ressemble \u00e0 un arbre sans racine. D\u2019o\u00f9 le besoin de recevoir, conserver, communiquer et restituer des archives au moyen d\u2019une plateforme informatique ou d&rsquo;un logiciel. <br \/>Enfin, Madame Pauline DIWOUTA, Charg\u00e9 d\u2019Etudes Assistant \u00e0 la Division des Affaires Juridiques, a fait une pr\u00e9sentation du Guide d\u2019accompagnement juridique de la veuve. Au sortir, les femmes ont \u00e9t\u00e9 \u00e9clair\u00e9es sur les proc\u00e9dures \u00e0 suivre lors de la perte d\u2019un conjoint. Aussi, Madame DIWOUTA a-t-elle appel\u00e9 toutes les femmes pr\u00e9sentes \u00e0 \u00eatre des mod\u00e8les dans leurs familles. Qu\u2019elles ne soient pas celles-l\u00e0 qui maltraitent leurs s\u0153urs, mais plut\u00f4t des agents de paix dans la soci\u00e9t\u00e9. Le Professeur FONGOD a partag\u00e9 son exp\u00e9rience personnelle, tout en invitant les Amazones \u00e0 toujours sourire, quelle que soit la situation, et \u00e0 toujours dire merci \u00e0 Dieu. <br \/>Ce coup d&rsquo;envoi pr\u00e9c\u00e8de de 4 heures la mont\u00e9e d&rsquo;adr\u00e9naline qui s&rsquo;op\u00e9rera ce samedi 04 mars 2023, \u00e0 travers la marche athl\u00e9tique dont le ton sera donn\u00e9 au Boulevard du 20 Mai, sous la houlette du Minist\u00e8re de la Promotion de la Femme et de la Famille (MINPROFF). La mati\u00e8re grise sera de nouveau mise \u00e0 contribution le lundi 06 mars 2023 \u00e0 l&rsquo;amphi 200 de l&rsquo;Ecole Nationale Sup\u00e9rieure Polytechnique de Yaound\u00e9, \u00e0 travers une table ronde. Avec pour mod\u00e9rateur le Professeur Roger ATSA ETOUNDI, Chef de Division des Syst\u00e8mes d\u2019Information au MINESUP, elle sera ax\u00e9e sur trois sous-th\u00e8mes, \u00e0 savoir : <br \/>&#8211; \u00ab From stereotypes to digital transformation in bridging gendre divide : shaping the future of Cameroon\u2019s inclusive digital economy \u00bb, par le Professeur Patricia ASONGWE, Chef de Cellule des Syst\u00e8mes Universitaires Compar\u00e9s ; <br \/>&#8211; \u00ab Femmes et fili\u00e8res\/m\u00e9tiers des TIC\u00bb, par Madame Arielle KITIO TSAMO, Doctorante en TIC ; <br \/>&#8211; \u00ab Promotion et Protection des droits des femmes et des filles \u00bb, par le Professeur Joyce ENDELEY, Pr\u00e9sidente de la Sous-Commission de la Promotion \u00e0 la Commission des Droit de l\u2019Homme du Cameroun (CDHC). La journ\u00e9e sera \u00e9galement ponctu\u00e9e par la 17\u00e8me \u00e9dition du Podium de l&rsquo;Excellence F\u00e9minine au MINESUP. Au cours de cette phase, les plus m\u00e9ritantes seront r\u00e9compens\u00e9es pour leur rendement au plan professionnel, administratif et acad\u00e9mique.<\/p>\n\n\n<p><\/p>\n","protected":false},"excerpt":{"rendered":"<p>&#46;&#46;&#46;<\/p>\n","protected":false},"author":2,"featured_media":16403,"comment_status":"closed","ping_status":"closed","sticky":false,"template":"","format":"standard","meta":[],"categories":[4,56],"tags":[],"_links":{"self":[{"href":"https:\/\/www.minesup.gov.cm\/index.php\/wp-json\/wp\/v2\/posts\/16305"}],"collection":[{"href":"https:\/\/www.minesup.gov.cm\/index.php\/wp-json\/wp\/v2\/posts"}],"about":[{"href":"https:\/\/www.minesup.gov.cm\/index.php\/wp-json\/wp\/v2\/types\/post"}],"author":[{"embeddable":true,"href":"https:\/\/www.minesup.gov.cm\/index.php\/wp-json\/wp\/v2\/users\/2"}],"replies":[{"embeddable":true,"href":"https:\/\/www.minesup.gov.cm\/index.php\/wp-json\/wp\/v2\/comments?post=16305"}],"version-history":[{"count":2,"href":"https:\/\/www.minesup.gov.cm\/index.php\/wp-json\/wp\/v2\/posts\/16305\/revisions"}],"predecessor-version":[{"id":16406,"href":"https:\/\/www.minesup.gov.cm\/index.php\/wp-json\/wp\/v2\/posts\/16305\/revisions\/16406"}],"wp:featuredmedia":[{"embeddable":true,"href":"https:\/\/www.minesup.gov.cm\/index.php\/wp-json\/wp\/v2\/media\/16403"}],"wp:attachment":[{"href":"https:\/\/www.minesup.gov.cm\/index.php\/wp-json\/wp\/v2\/media?parent=16305"}],"wp:term":[{"taxonomy":"category","embeddable":true,"href":"https:\/\/www.minesup.gov.cm\/index.php\/wp-json\/wp\/v2\/categories?post=16305"},{"taxonomy":"post_tag","embeddable":true,"href":"https:\/\/www.minesup.gov.cm\/index.php\/wp-json\/wp\/v2\/tags?post=16305"}],"curies":[{"name":"wp","href":"https:\/\/api.w.org\/{rel}","templated":true}]}}